{"id":651,"date":"2026-08-04T16:25:07","date_gmt":"2026-08-04T15:25:07","guid":{"rendered":"https:\/\/chateaudesmarais.fr\/?p=651"},"modified":"2026-08-05T09:38:02","modified_gmt":"2026-08-05T08:38:02","slug":"salon-du-mariage-de-paris-4-5-septembre-2026","status":"publish","type":"post","link":"https:\/\/chateaudesmarais.fr\/?p=651","title":{"rendered":"\ud83d\udc8d Retrouvez le Ch\u00e2teau au Salon du Mariage de Paris les 4 et 5 septembre 2026"},"content":{"rendered":"\n<p class=\"has-primary-hover-color has-text-color has-link-color wp-elements-1 wp-block-paragraph\">Les <strong>4 et 5 septembre 2026<\/strong>, notre \u00e9quipe aura le plaisir de vous accueillir au <strong>Salon du Mariage de Paris<\/strong>, le rendez-vous incontournable des futurs mari\u00e9s \u00e0 la recherche d&rsquo;inspiration et de partenaires de confiance pour organiser leur grand jour.<\/p>\n\n\n\n<h2 class=\"wp-block-heading has-contrast-dark-color has-text-color has-link-color wp-elements-2\">Un lieu d&rsquo;exception pour c\u00e9l\u00e9brer votre mariage<\/h2>\n\n\n\n<p class=\"has-primary-hover-color has-text-color has-link-color wp-elements-3 wp-block-paragraph\">\u00c0 travers notre pr\u00e9sence sur le salon, nous souhaitons vous faire d\u00e9couvrir l&rsquo;univers du Ch\u00e2teau, son cadre prestigieux, ses espaces de r\u00e9ception \u00e9l\u00e9gants et les nombreuses possibilit\u00e9s qu&rsquo;il offre pour faire de votre mariage un moment unique.<\/p>\n\n\n\n<p class=\"has-primary-hover-color has-text-color has-link-color wp-elements-4 wp-block-paragraph\">Que vous r\u00eaviez d&rsquo;une c\u00e9r\u00e9monie romantique, d&rsquo;un cocktail en ext\u00e9rieur, d&rsquo;un d\u00eener raffin\u00e9 ou d&rsquo;une r\u00e9ception jusqu&rsquo;au bout de la nuit, notre \u00e9quipe sera \u00e0 votre disposition pour vous pr\u00e9senter les diff\u00e9rentes formules et r\u00e9pondre \u00e0 toutes vos questions.<\/p>\n\n\n\n<h2 class=\"wp-block-heading has-contrast-dark-color has-text-color has-link-color wp-elements-5\">\u00c9changez avec notre \u00e9quipe<\/h2>\n\n\n\n<p class=\"has-primary-hover-color has-text-color has-link-color wp-elements-6 wp-block-paragraph\">Le salon sera l&rsquo;occasion de :<\/p>\n\n\n\n<ul class=\"wp-block-list has-primary-hover-color has-text-color has-link-color wp-elements-7\">\n<li class=\"has-primary-hover-color has-text-color has-link-color wp-elements-8\">D\u00e9couvrir le Ch\u00e2teau et ses espaces de r\u00e9ception ;<\/li>\n\n\n\n<li>\u00c9changer sur votre projet de mariage ;<\/li>\n\n\n\n<li>Obtenir des conseils personnalis\u00e9s pour l&rsquo;organisation de votre \u00e9v\u00e9nement ;<\/li>\n\n\n\n<li>D\u00e9couvrir nos prestations et nos partenaires ;<\/li>\n\n\n\n<li>Planifier une visite priv\u00e9e du domaine.<\/li>\n<\/ul>\n\n\n\n<h2 class=\"wp-block-heading has-contrast-dark-color has-text-color has-link-color wp-elements-9\">Des offres et avantages exclusifs<\/h2>\n\n\n\n<p class=\"has-primary-hover-color has-text-color has-link-color wp-elements-10 wp-block-paragraph\">Les visiteurs du salon pourront \u00e9galement profiter d&rsquo;informations exclusives concernant nos disponibilit\u00e9s et les solutions propos\u00e9es pour l&rsquo;organisation de leur mariage au Ch\u00e2teau.<\/p>\n\n\n\n<h2 class=\"wp-block-heading has-contrast-dark-color has-text-color has-link-color wp-elements-11\">Informations pratiques<\/h2>\n\n\n\n<p class=\"has-primary-hover-color has-text-color has-link-color wp-elements-12 wp-block-paragraph\">\ud83d\udcc5 <strong>Dates :<\/strong> 4 et 5 septembre 2026<br>\ud83d\udccd <strong>\u00c9v\u00e9nement :<\/strong> Salon du Mariage de Paris<br>\ud83e\udd1d <strong>Rencontrez l&rsquo;\u00e9quipe du Ch\u00e2teau sur notre stand<\/strong><\/p>\n\n\n\n<p class=\"has-primary-hover-color has-text-color has-link-color wp-elements-13 wp-block-paragraph\">Nous serons ravis de vous rencontrer et de vous accompagner dans la pr\u00e9paration de l&rsquo;un des plus beaux jours de votre vie.<\/p>\n\n\n\n<p class=\"has-primary-hover-color has-text-color has-link-color wp-elements-14 wp-block-paragraph\"><strong>Nous vous donnons rendez-vous les 4 et 5 septembre 2026 au Salon du Mariage de Paris !<\/strong><\/p>\n","protected":false},"excerpt":{"rendered":"<p>Les 4 et 5 septembre 2026, notre \u00e9quipe aura le plaisir de vous accueillir au Salon du Mariage de Paris, le rendez-vous incontournable des futurs mari\u00e9s \u00e0 la recherche d&rsquo;inspiration et de partenaires de confiance pour organiser leur grand jour. Un lieu d&rsquo;exception pour c\u00e9l\u00e9brer votre mariage \u00c0 travers notre pr\u00e9sence sur le salon, nous [&hellip;]<\/p>\n","protected":false},"author":3,"featured_media":0,"comment_status":"open","ping_status":"open","sticky":false,"template":"","format":"standard","meta":{"footnotes":""},"categories":[1],"tags":[],"class_list":["post-651","post","type-post","status-publish","format-standard","hentry","category-non-classe"],"_links":{"self":[{"href":"https:\/\/chateaudesmarais.fr\/index.php?rest_route=\/wp\/v2\/posts\/651","targetHints":{"allow":["GET"]}}],"collection":[{"href":"https:\/\/chateaudesmarais.fr\/index.php?rest_route=\/wp\/v2\/posts"}],"about":[{"href":"https:\/\/chateaudesmarais.fr\/index.php?rest_route=\/wp\/v2\/types\/post"}],"author":[{"embeddable":true,"href":"https:\/\/chateaudesmarais.fr\/index.php?rest_route=\/wp\/v2\/users\/3"}],"replies":[{"embeddable":true,"href":"https:\/\/chateaudesmarais.fr\/index.php?rest_route=%2Fwp%2Fv2%2Fcomments&post=651"}],"version-history":[{"count":3,"href":"https:\/\/chateaudesmarais.fr\/index.php?rest_route=\/wp\/v2\/posts\/651\/revisions"}],"predecessor-version":[{"id":670,"href":"https:\/\/chateaudesmarais.fr\/index.php?rest_route=\/wp\/v2\/posts\/651\/revisions\/670"}],"wp:attachment":[{"href":"https:\/\/chateaudesmarais.fr\/index.php?rest_route=%2Fwp%2Fv2%2Fmedia&parent=651"}],"wp:term":[{"taxonomy":"category","embeddable":true,"href":"https:\/\/chateaudesmarais.fr\/index.php?rest_route=%2Fwp%2Fv2%2Fcategories&post=651"},{"taxonomy":"post_tag","embeddable":true,"href":"https:\/\/chateaudesmarais.fr\/index.php?rest_route=%2Fwp%2Fv2%2Ftags&post=651"}],"curies":[{"name":"wp","href":"https:\/\/api.w.org\/{rel}","templated":true}]}}